{"id":567,"date":"2017-09-30T12:04:26","date_gmt":"2017-09-30T12:04:26","guid":{"rendered":"http:\/\/localhost\/wp-confcom\/?p=567"},"modified":"2017-09-30T12:04:26","modified_gmt":"2017-09-30T12:04:26","slug":"fiscalite-prelevement-a-la-source","status":"publish","type":"post","link":"https:\/\/confraternel.fr\/index.php\/2017\/09\/30\/fiscalite-prelevement-a-la-source\/","title":{"rendered":"REFORME SUR LE PR\u00c9L\u00c8VEMENT \u00c0 LA SOURCE"},"content":{"rendered":"<p>Alors que j&rsquo;\u00e9crivais le dernier article sur le CIMR en juin 2017, Mr Macron a annonc\u00e9 un audit sur l&rsquo;instauration de la r\u00e9forme du pr\u00e9l\u00e8vement \u00e0 la source.<br \/>\nCette \u00e9tude a conclu que le pr\u00e9l\u00e8vement \u00e0 la source devait \u00eatre repouss\u00e9 d&rsquo;un an, la raison invoqu\u00e9e \u00e9tait \u00ab\u00a0il faut expliquer la r\u00e9forme aux fran\u00e7ais pour \u00e9viter le traumatisme de la lecture d&rsquo;une fiche de paie amput\u00e9e du montant des imp\u00f4ts\u00a0\u00bb.<br \/>\nLe report d&rsquo;un an de la r\u00e9forme du pr\u00e9l\u00e8vement \u00e0 la source a \u00e9t\u00e9 act\u00e9 par une ordonnance vot\u00e9e en juillet 2017.<br \/>\nEnfin le pr\u00e9l\u00e8vement \u00e0 la source a \u00e9t\u00e9 d\u00e9finitivement annonc\u00e9 par le ministre G\u00e9rard Darmanin le 13 novembre 2017.<\/p>\n<h2 class=\"para\">Rappels sur le pr\u00e9l\u00e8vement \u00e0 la source<\/h2>\n<p>Tous les pays de la communaut\u00e9 europ\u00e9enne ont mis en \u0153uvre avec succ\u00e8s, cette r\u00e9forme populaire.<br \/>\nEn p\u00e9riode \u00e9lectorale on a pour habitude d&rsquo;offrir une \u00ab\u00a0bonne\u00a0\u00bb baisse d&rsquo;imp\u00f4ts bien compr\u00e9hensible par tous, comme la baisse de l&rsquo;imp\u00f4t sur le revenu ou la suppression d&rsquo;une taxe impopulaire.<br \/>\nDans le cas du pr\u00e9l\u00e8vement \u00e0 la source c&rsquo;\u00e9tait une baisse d&rsquo;imp\u00f4ts concoct\u00e9e par Fran\u00e7ois Hollande, appliqu\u00e9e juste avant les \u00e9lections de mai 2017, pour redorer son blason, vous connaissez la suite!<br \/>\nLa r\u00e9forme sur le pr\u00e9l\u00e8vement \u00e0 la source appliqu\u00e9e en 2019 deviendra \u00ab\u00a0un peu\u00a0\u00bb une r\u00e9forme Macron, et ce sera un cadeau Macron, ce qui est toujours bon \u00e0 prendre pour un politique, d&rsquo;autant que les instituts de sondage notent que les fran\u00e7ais sont favorables au pr\u00e9l\u00e8vement \u00e0 la source.<br \/>\nFini le d\u00e9calage d&rsquo;une ann\u00e9e, on paie des imp\u00f4ts sur les revenus de l&rsquo;ann\u00e9e.<\/p>\n<h2 class=\"para\">Le calendier de la r\u00e9forme<\/h2>\n<p>Les diff\u00e9rentes \u00e9tapes seront :<\/p>\n<ul>\n<li>Au printemps 2018 d\u00e9claration des revenus 2017 et fixation des taux de pr\u00e9l\u00e8vements.<\/li>\n<li>Et\u00e9 2018 vous recevrez votre avis d&rsquo;imposition sur les revenus 2017.<\/li>\n<li>Automne 2018, l&rsquo;administration enverra aux professionnels de sant\u00e9 le taux d&rsquo;imposition personnalis\u00e9 de leurs salari\u00e9s.<\/li>\n<li>Janvier 2019 vous devrez d\u00e9duire le montant des imp\u00f4ts de vos salari\u00e9s.<\/li>\n<li>Avril \u00e0 juin 2019 d\u00e9claration des revenus 2018.<\/li>\n<li>septembre 2019 : vous recevrez votre cr\u00e9dit d&rsquo;imp\u00f4t modernisation du recouvrement (CIMR) qui annulera vos imp\u00f4ts 2018 sur vos revenus professionnels et fonciers<\/li>\n<li>Pendant l&rsquo;ann\u00e9e 2019, pr\u00e9l\u00e8vement sur le compte du professionnel d\u2019un acompte sur le montant d&rsquo;imp\u00f4ts pour l&rsquo;ann\u00e9e 2019, la r\u00e9gularisation se fera en septembre 2020.<\/li>\n<\/ul>\n<h2 class=\"para\">2018 ANNEE DE TRANSITION<\/h2>\n<p>Pour l&rsquo;ann\u00e9e 2018 on note :<\/p>\n<ul>\n<li>le maintien des cr\u00e9dits d&rsquo;imp\u00f4ts : le b\u00e9n\u00e9fice des r\u00e9ductions et des cr\u00e9dits d&rsquo;imp\u00f4ts acquis en 2018 sera maintenu.<br \/>\nIl y aura seulement un d\u00e9calage d&rsquo;un an, les cr\u00e9dits d&rsquo;imp\u00f4ts acquis en 2018 interviendront au moment du solde d&rsquo;imp\u00f4ts en septembre 2019.<\/li>\n<li>une absence de double imposition sur les revus professionnels et fonciers non exceptionnels.<br \/>\nL&rsquo;imp\u00f4t du au titre des revenus 2018, sera annul\u00e9 par un cr\u00e9dit imp\u00f4t, le cr\u00e9dit d&rsquo;imp\u00f4t modernisation du recouvrement (CIMR) , calcul\u00e9 par l&rsquo;administration fiscale \u00e0 partir de votre d\u00e9claration de revenus 2018 d\u00e9pos\u00e9e en avril 2019<\/li>\n<li>la poursuite de l&rsquo;imposition des revenus exceptionnels qui seront tax\u00e9s comme pr\u00e9c\u00e9demment, ce sont :\n<ol>\n<li>les arri\u00e9r\u00e9s de loyers<\/li>\n<li>les indemnit\u00e9s de client\u00e8le, de cessation d\u2019activit\u00e9 et celles per\u00e7ues en contrepartie de la cession de la valeur de la client\u00e8le ;<\/li>\n<li>des prestations de retraite servies sous forme de capital ;<\/li>\n<li>des sommes per\u00e7ues au titre de la participation ou de l\u2019int\u00e9ressement et non affect\u00e9es \u00e0 la r\u00e9alisation de plans d\u2019\u00e9pargne entreprise (PEE, PERCO) ou retir\u00e9es d\u2019un plan d&rsquo;\u00e9pargne en dehors des cas l\u00e9gaux de d\u00e9blocage des sommes ;<\/li>\n<li>de la mon\u00e9tisation de droits inscrits sur un compte \u00e9pargne temps pour ceux qui exc\u00e8dent 10 jours (en-de\u00e7\u00e0 de cette dur\u00e9e, ces revenus sont donc consid\u00e9r\u00e9s comme non exceptionnels et b\u00e9n\u00e9ficient de l&rsquo;effacement de l&rsquo;imp\u00f4t correspondant) ;<\/li>\n<li>tout autre revenu qui, par sa nature, n\u2019est pas susceptible d\u2019\u00eatre recueilli annuellement.<\/li>\n<\/ol>\n<\/li>\n<li>Imposition des revenus exclus de la r\u00e9forme du pr\u00e9l\u00e8vements \u00e0 la source.<br \/>\nPar exemple la vente d&rsquo;un bien immobilier ne se fera pas en franchise d&rsquo;imp\u00f4ts, l&rsquo;imposition se fera \u00e0 la source par le notaire comme avant la r\u00e9forme du pr\u00e9l\u00e8vement \u00e0 la source.<\/li>\n<\/ul>\n<p><strong>La loi pr\u00e9voit des m\u00e9canismes d&rsquo;anti-optimisation pour les professionnels de sant\u00e9 qui envisageraient de gonfler artificiellement leurs recettes 2018.<\/strong><\/p>\n<h2 class=\"para\">La r\u00e9forme sur le pr\u00e9l\u00e8vement \u00e0 la source 2019 : quels seront les gagnants et les perdants.<\/h2>\n<blockquote><p>TOUS les fran\u00e7ais gagnent une ann\u00e9e d&rsquo;imp\u00f4ts<\/p><\/blockquote>\n<p>Si en 2018 on paie des imp\u00f4ts sur les revenu 2017 et si en 2019 on paie des imp\u00f4ts sur les revenus 2019, que devient l&rsquo;ann\u00e9e fiscale 2018, elle est r\u00e9ellement offerte aux fran\u00e7ais et d\u00e9finitivement perdue pour Bercy.<br \/>\nLe patrimoine de chaque fran\u00e7ais s&rsquo;enrichit m\u00e9caniquement d&rsquo;une ann\u00e9e d&rsquo;imp\u00f4t, ce qui n&rsquo;est pas n\u00e9gligeable.<br \/>\nPrenons du recul, un contribuable paie des imp\u00f4ts tous les ans avec une ann\u00e9e de d\u00e9calage, si sa carri\u00e8re de contribuable est par exemple de 30 ans il devra payer 30 ann\u00e9es d&rsquo;imp\u00f4ts pendant son existence, avec la r\u00e9forme il n&rsquo;en paiera que 29.<br \/>\nLa perte est th\u00e9orique pour les finances de la France, puisque en 2019 les fran\u00e7ais acquitteront un imp\u00f4t sur les revenus 2019, mais il existera un manque \u00e0 gagner imm\u00e9diat difficile \u00e0 \u00e9valuer li\u00e9es aux report des investissements immobiliers, changement de situation o\u00f9 les optimisations fiscales, comme travailler beaucoup en 2018 et moins en 2019.<\/p><\/blockquote>\n<h2 class=\"para\">SITUATIONS PARTICULIERES.<\/h2>\n<ul>\n<li>\u00e0 son d\u00e9part \u00e0 la retraite en janvier 2019, un m\u00e9decin paiera en 2019 des imp\u00f4ts sur le montant de sa retraite per\u00e7ue en 2019, ce qui n&rsquo;est pas la m\u00eame chose que payer des imp\u00f4ts sur les revenus professionnels.<br \/>\nBercy leur offre une prime de d\u00e9part, pas d&rsquo;imp\u00f4t sur l&rsquo;ann\u00e9e 2018, pas besoin d&rsquo;\u00e9conomiser pour payer des imp\u00f4ts sur les revenus professionnel de l&rsquo;ann\u00e9e professionnelle 2018.<\/li>\n<li>ceux qui partiront en retraite en 2018 mais continueront \u00e0 travailler, pas d&rsquo;imp\u00f4ts sur la pension de retraite vers\u00e9e en 2018 car les retraites et pensions sont dans le champ d&rsquo;application de la r\u00e9forme sur le pr\u00e9l\u00e8vement \u00e0 la source et pas d&rsquo;imp\u00f4ts sur les revenus professionnels de 2018.<\/li>\n<li> Les perdants sont peu nombreux on citera les propri\u00e9taires fonciers qui n&rsquo;ont pu diff\u00e9rer leurs travaux \u00e0 2020, car il y aura des mesures d&rsquo;anti-optimisation.<\/li>\n<li>Enfin ceux qui avaient optimis\u00e9 leur activit\u00e9 2017 en pr\u00e9vision d&rsquo;une ann\u00e9e 2017 blanche, ont fait un mauvais choix.<\/li>\n<\/ul>\n<p>Dans de prochains articles nous reviendrons pr\u00e9cis\u00e9ment sur les m\u00e9canismes d&rsquo;anti-optimisation si ceux-ci sont maintenus, le calcul de vos pr\u00e9l\u00e8vements, les dispositifs particuliers pour les revenus fonciers et vos obligations d&#8217;employeur.<br \/>\nA bient\u00f4t pour de nouvelles aventures fiscales.<br \/>\nPOUR EN SAVOIR PLUS :<\/p>\n<ul>\n<li>https:\/\/www.economie.gouv.fr\/prelevement-a-la-source\/2018-annee-de-transition<\/li>\n<li>https:\/\/www.economie.gouv.fr\/cedef\/prelevement-source-impot<\/li>\n<li>https:\/\/www.legifrance.gouv.fr\/eli\/loi\/2016\/12\/29\/ECFX1623958L\/jo\/texte<\/li>\n<li>http:\/\/www.assemblee-nationale.fr\/15\/dossiers\/deuxieme_collectif_budgetaire_2017.asp<\/li>\n<li>https:\/\/www.economie.gouv.fr\/particuliers\/prelevement-a-la-source-2019#7<\/li>\n<\/ul>\n","protected":false},"excerpt":{"rendered":"<p>Alors que j&rsquo;\u00e9crivais le dernier article sur le CIMR en juin 2017, Mr Macron a annonc\u00e9 un audit sur l&rsquo;instauration de la r\u00e9forme du pr\u00e9l\u00e8vement \u00e0 la source. Cette \u00e9tude a conclu que le pr\u00e9l\u00e8vement \u00e0 la source devait \u00eatre repouss\u00e9 d&rsquo;un an, la raison invoqu\u00e9e \u00e9tait \u00ab\u00a0il faut expliquer la r\u00e9forme aux fran\u00e7ais pour [&hellip;]<\/p>\n","protected":false},"author":1,"featured_media":0,"comment_status":"open","ping_status":"open","sticky":false,"template":"","format":"standard","meta":{"footnotes":""},"categories":[1],"tags":[],"_links":{"self":[{"href":"https:\/\/confraternel.fr\/index.php\/wp-json\/wp\/v2\/posts\/567"}],"collection":[{"href":"https:\/\/confraternel.fr\/index.php\/wp-json\/wp\/v2\/posts"}],"about":[{"href":"https:\/\/confraternel.fr\/index.php\/wp-json\/wp\/v2\/types\/post"}],"author":[{"embeddable":true,"href":"https:\/\/confraternel.fr\/index.php\/wp-json\/wp\/v2\/users\/1"}],"replies":[{"embeddable":true,"href":"https:\/\/confraternel.fr\/index.php\/wp-json\/wp\/v2\/comments?post=567"}],"version-history":[{"count":0,"href":"https:\/\/confraternel.fr\/index.php\/wp-json\/wp\/v2\/posts\/567\/revisions"}],"wp:attachment":[{"href":"https:\/\/confraternel.fr\/index.php\/wp-json\/wp\/v2\/media?parent=567"}],"wp:term":[{"taxonomy":"category","embeddable":true,"href":"https:\/\/confraternel.fr\/index.php\/wp-json\/wp\/v2\/categories?post=567"},{"taxonomy":"post_tag","embeddable":true,"href":"https:\/\/confraternel.fr\/index.php\/wp-json\/wp\/v2\/tags?post=567"}],"curies":[{"name":"wp","href":"https:\/\/api.w.org\/{rel}","templated":true}]}}