{"id":560,"date":"2020-01-30T11:36:51","date_gmt":"2020-01-30T11:36:51","guid":{"rendered":"http:\/\/localhost\/wp-confcom\/?p=560"},"modified":"2020-01-30T11:36:51","modified_gmt":"2020-01-30T11:36:51","slug":"accessibilite-des-cabinets-medicaux-2","status":"publish","type":"post","link":"https:\/\/confraternel.fr\/index.php\/2020\/01\/30\/accessibilite-des-cabinets-medicaux-2\/","title":{"rendered":"Accessibilit\u00e9 des cabinets m\u00e9dicaux"},"content":{"rendered":"<h2 class=\"para\">PRINCIPE<\/h2>\n<p>La loi du 11 f\u00e9vrier 2005 pour l\u2019\u00e9galit\u00e9 des droits et des chances, la participation et la citoyennet\u00e9 des personnes handicap\u00e9es a renforc\u00e9 l\u2019obligation d\u2019am\u00e9nagement des b\u00e2timents recevant du public, afin de permettre l\u2019acc\u00e8s et la circulation de toutes les personnes handicap\u00e9es, quelles que soient leurs difficult\u00e9s (moteur, auditives, visuelles).<br \/>\nLes exigences d\u2019accessibilit\u00e9, sont disponibles sur le site www.accessibilite.gouv.fr.<br \/>\nIl existe un outil de diagnostic : www.developpement-durable.gouv.fr\/diagnostic-accessibilite\/medical\/<\/p>\n<h2 class=\"para\">Un cabinet m\u00e9dical est un \u00e9tablissement recevant du public(ERP) type 5.<\/h2>\n<p><i class=\"fa fa-list\"> Les ERP existants avant le 1er janvier 2007 doivent \u00eatre accessibles aux personnes handicap\u00e9es au 1er janvier 2015.<br \/>\nL&rsquo;Ordonnance n\u00b02014-1090 du 26 septembre 2014 compl\u00e9t\u00e9e par deux d\u00e9crets et par un arr\u00eat\u00e9 (d\u00e9crets n\u00b02014-1326 et 2014-1327 et arr\u00eat\u00e9 du 8 d\u00e9cembre 2014), permettent, pour cabinets non aux normes,\u00a0 de poursuivre ou de r\u00e9aliser l\u2019accessibilit\u00e9 apr\u00e8s le 1er janvier 2015.<br \/>\nC&rsquo;est Agenda d\u2019Accessibilit\u00e9 Programm\u00e9e (Ad\u2019AP) qui est un engagement de r\u00e9aliser des travaux dans un d\u00e9lai d\u00e9termin\u00e9 (jusqu\u2019\u00e0 3 ans, sauf cas tr\u00e8s particuliers), de les financer et de respecter les r\u00e8gles d\u2019accessibilit\u00e9.<br \/>\nDes Ad\u2019AP peuvent toujours \u00eatre d\u00e9pos\u00e9s.<br \/>\nPour \u00e9viter la p\u00e9nalit\u00e9 de retard, expliquez au pr\u00e9fet les raisons de celui-ci.<br \/>\nAu 1er mai 2016, 154 566 Ad\u2019AP repr\u00e9sentant 402 046 ERP sont enregistr\u00e9s dans les pr\u00e9fectures.<\/i><br \/>\n<i class=\"fa fa-list\">Les ERP construits \u00e0 partir du 1er Janvier 2007 doivent \u00eatre accessibles depuis le 1er janvier 2011.<\/i><br \/>\nQuand cabinet du m\u00e9decin r\u00e9pond aux exigences d\u2019accessibilit\u00e9, il faut adresser au pr\u00e9fet une \u00ab Attestation d\u2019accessibilit\u00e9 \u00bb\u00a0 (avec copie \u00e0 la commission pour l\u2019accessibilit\u00e9 de la commune concern\u00e9e)<br \/>\nT\u00e9l\u00e9charger le guide officiel\u00a0 http:\/\/www.developpement-durable.gouv.fr\/Les-professions-liberales-reussir.html<\/p>\n","protected":false},"excerpt":{"rendered":"<p>PRINCIPE La loi du 11 f\u00e9vrier 2005 pour l\u2019\u00e9galit\u00e9 des droits et des chances, la participation et la citoyennet\u00e9 des personnes handicap\u00e9es a renforc\u00e9 l\u2019obligation d\u2019am\u00e9nagement des b\u00e2timents recevant du public, afin de permettre l\u2019acc\u00e8s et la circulation de toutes les personnes handicap\u00e9es, quelles que soient leurs difficult\u00e9s (moteur, auditives, visuelles). Les exigences d\u2019accessibilit\u00e9, sont [&hellip;]<\/p>\n","protected":false},"author":1,"featured_media":0,"comment_status":"closed","ping_status":"closed","sticky":false,"template":"","format":"standard","meta":{"footnotes":""},"categories":[12],"tags":[],"_links":{"self":[{"href":"https:\/\/confraternel.fr\/index.php\/wp-json\/wp\/v2\/posts\/560"}],"collection":[{"href":"https:\/\/confraternel.fr\/index.php\/wp-json\/wp\/v2\/posts"}],"about":[{"href":"https:\/\/confraternel.fr\/index.php\/wp-json\/wp\/v2\/types\/post"}],"author":[{"embeddable":true,"href":"https:\/\/confraternel.fr\/index.php\/wp-json\/wp\/v2\/users\/1"}],"replies":[{"embeddable":true,"href":"https:\/\/confraternel.fr\/index.php\/wp-json\/wp\/v2\/comments?post=560"}],"version-history":[{"count":0,"href":"https:\/\/confraternel.fr\/index.php\/wp-json\/wp\/v2\/posts\/560\/revisions"}],"wp:attachment":[{"href":"https:\/\/confraternel.fr\/index.php\/wp-json\/wp\/v2\/media?parent=560"}],"wp:term":[{"taxonomy":"category","embeddable":true,"href":"https:\/\/confraternel.fr\/index.php\/wp-json\/wp\/v2\/categories?post=560"},{"taxonomy":"post_tag","embeddable":true,"href":"https:\/\/confraternel.fr\/index.php\/wp-json\/wp\/v2\/tags?post=560"}],"curies":[{"name":"wp","href":"https:\/\/api.w.org\/{rel}","templated":true}]}}