{"id":53,"date":"2019-10-09T10:36:49","date_gmt":"2019-10-09T10:36:49","guid":{"rendered":"http:\/\/localhost\/wp-confcom\/?p=53"},"modified":"2019-10-09T10:36:49","modified_gmt":"2019-10-09T10:36:49","slug":"derogations","status":"publish","type":"post","link":"https:\/\/confraternel.fr\/index.php\/2019\/10\/09\/derogations\/","title":{"rendered":"DEROGATIONS"},"content":{"rendered":"<h2 class=\"para\">Existe-t-il des d\u00e9rogations<\/h2>\n<p>Oui il existe 4 d\u00e9rogations :<\/p>\n<ul>\n<i class=\"fa fa-list\"> Opposition des copropri\u00e9taires \u00e0 la r\u00e9alisation des travaux de mise en accessibilit\u00e9\u00a0 d\u2019un ERP existant ou cr\u00e9\u00e9 dans un b\u00e2timent d\u2019habitation existant au 28 septembre 2014.<br \/>\nCette d\u00e9cision doit \u00eatre prise en assembl\u00e9e g\u00e9n\u00e9rale.<br \/>\nLorsque elle concerne un cabinet d\u00e9j\u00e0 existant, la d\u00e9rogation ne peut \u00eatre refus\u00e9e.<br \/>\nSi vous souhaitez obtenir une d\u00e9rogation \u00e0 ce titre, nous vous recommandons donc de bien faire inscrire \u00e0 l\u2019ordre du jour de l\u2019assembl\u00e9e g\u00e9n\u00e9rale des copropri\u00e9taires que soient vot\u00e9s les travaux de mises aux normes au titre de l\u2019accessibilit\u00e9 aux frais de l\u2019ensemble des copropri\u00e9taires.<br \/>\nSi la d\u00e9rogation est accord\u00e9e, les travaux de mise aux normes doivent \u00eatre r\u00e9alis\u00e9s, dans les parties privatives de l\u2019ERP.\u00a0\u00a0\u00a0\u00a0\u00a0\u00a0\u00a0\u00a0\u00a0\u00a0\u00a0\u00a0\u00a0\u00a0\u00a0\u00a0\u00a0\u00a0<br \/>\nEn principe vous n&rsquo;\u00eates pas tenu de mettre aux normes votre local pour la personne dont le handicap ne lui permettrait pas d&rsquo;acc\u00e9der \u00e0 votre cabinet.<\/i><br \/>\n<!--more--><br \/>\n<i class=\"fa fa-list\">impossibilit\u00e9 technique r\u00e9sultant de l\u2019environnement du b\u00e2timent\u00a0;<\/i><br \/>\n<i class=\"fa fa-list\">contraintes li\u00e9es \u00e0 la conservation du patrimoine architectural\u00a0;<\/i><br \/>\n<i class=\"fa fa-list\">disproportion manifeste entre les am\u00e9liorations apport\u00e9es par la mise en \u0153uvre des prescriptions techniques d\u2019accessibilit\u00e9 d\u2019une part et leurs co\u00fbts, leurs effets sur l\u2019usage du b\u00e2timent et de ses abords ou de la viabilit\u00e9 de l\u2019exploitation de l\u2019\u00e9tablissement d\u2019autre part\u00a0<\/i><\/p>\n<ul>\n<\/ul>\n<h2 class=\"para\">Pr\u00e9cisions importantes<\/h2>\n<p><i class=\"fa fa-list\">A noter que seule une partie du cabinet peut r\u00e9pondre aux conditions d\u2019accessibilit\u00e9 pour les personnes handicap\u00e9es d\u00e8s lors que l\u2019ensemble des prestations peut y \u00eatre assur\u00e9. Il n\u2019est alors pas n\u00e9cessaire de mettre la totalit\u00e9 du cabinet en conformit\u00e9.<\/i><br \/>\n<i class=\"fa fa-list\">Par ailleurs une d\u00e9rogation accord\u00e9e pour cause de refus de la copropri\u00e9t\u00e9 de faire des travaux sur les parties communes ne dispense pas le m\u00e9decin de r\u00e9aliser les mises aux normes r\u00e9alisables\u00a0 pour les autres handicaps (mal entendant, mal voyant..).<\/i><br \/>\n<i class=\"fa fa-list\">A noter que les locaux professionnels de sant\u00e9 utilis\u00e9s au moins partiellement pour la vie familiale sont juridiquement consid\u00e9r\u00e9s comme des b\u00e2timents d\u2019habitations et n\u2019ont pas d\u2019obligation l\u00e9gale d\u2019\u00eatre accessibles aux personnes \u00e0 mobilit\u00e9 r\u00e9duite.<\/i><\/p>\n<h2 class=\"para\">La d\u00e9rogation pour motif \u00e9conomique<\/h2>\n<p>L\u2019arr\u00eat\u00e9 du 27 avril 2015, paru au Journal Officiel le 8 mai, et entr\u00e9 en vigueur le 9 mai, permet de clarifier la notion de d\u00e9rogation pour motif \u00e9conomique.<br \/>\nLe texte est complexe, il faut se faire assister de son comptable, ou d&rsquo;un architecte ou d&rsquo;un sp\u00e9cialiste de mise aux normes.<\/p>\n","protected":false},"excerpt":{"rendered":"<p>Existe-t-il des d\u00e9rogations Oui il existe 4 d\u00e9rogations : Opposition des copropri\u00e9taires \u00e0 la r\u00e9alisation des travaux de mise en accessibilit\u00e9\u00a0 d\u2019un ERP existant ou cr\u00e9\u00e9 dans un b\u00e2timent d\u2019habitation existant au 28 septembre 2014. Cette d\u00e9cision doit \u00eatre prise en assembl\u00e9e g\u00e9n\u00e9rale. Lorsque elle concerne un cabinet d\u00e9j\u00e0 existant, la d\u00e9rogation ne peut \u00eatre [&hellip;]<\/p>\n","protected":false},"author":1,"featured_media":0,"comment_status":"open","ping_status":"open","sticky":false,"template":"","format":"standard","meta":{"footnotes":""},"categories":[12],"tags":[],"_links":{"self":[{"href":"https:\/\/confraternel.fr\/index.php\/wp-json\/wp\/v2\/posts\/53"}],"collection":[{"href":"https:\/\/confraternel.fr\/index.php\/wp-json\/wp\/v2\/posts"}],"about":[{"href":"https:\/\/confraternel.fr\/index.php\/wp-json\/wp\/v2\/types\/post"}],"author":[{"embeddable":true,"href":"https:\/\/confraternel.fr\/index.php\/wp-json\/wp\/v2\/users\/1"}],"replies":[{"embeddable":true,"href":"https:\/\/confraternel.fr\/index.php\/wp-json\/wp\/v2\/comments?post=53"}],"version-history":[{"count":0,"href":"https:\/\/confraternel.fr\/index.php\/wp-json\/wp\/v2\/posts\/53\/revisions"}],"wp:attachment":[{"href":"https:\/\/confraternel.fr\/index.php\/wp-json\/wp\/v2\/media?parent=53"}],"wp:term":[{"taxonomy":"category","embeddable":true,"href":"https:\/\/confraternel.fr\/index.php\/wp-json\/wp\/v2\/categories?post=53"},{"taxonomy":"post_tag","embeddable":true,"href":"https:\/\/confraternel.fr\/index.php\/wp-json\/wp\/v2\/tags?post=53"}],"curies":[{"name":"wp","href":"https:\/\/api.w.org\/{rel}","templated":true}]}}