{"id":36,"date":"2021-10-01T15:00:15","date_gmt":"2021-10-01T15:00:15","guid":{"rendered":"http:\/\/localhost\/wp-confcom\/?p=36"},"modified":"2021-10-01T15:00:15","modified_gmt":"2021-10-01T15:00:15","slug":"lagenda-daccessibilite-programmee","status":"publish","type":"post","link":"https:\/\/confraternel.fr\/index.php\/2021\/10\/01\/lagenda-daccessibilite-programmee\/","title":{"rendered":"Agenda d\u2019Accessibilit\u00e9 Programm\u00e9e"},"content":{"rendered":"<h2 class=\"para\">Qu&rsquo;est ce que l\u2019Agenda d\u2019Accessibilit\u00e9 Programm\u00e9e (Ad&rsquo;Ap)<\/h2>\n<p>Cr\u00e9\u00e9 par l\u2019ordonnance du 26 septembre 2014., son contenu a \u00e9t\u00e9 pr\u00e9cis\u00e9 par le D\u00e9cret n\u00b0 2014-1326 du 5 novembre 2014.<br \/>\nL\u2019Agenda d\u2019Accessibilit\u00e9 Programm\u00e9e permet de poursuivre ou de r\u00e9aliser l\u2019accessibilit\u00e9 de son \u00e9tablissement apr\u00e8s le 1er janvier 2015.<br \/>\nIl correspond \u00e0 un engagement de r\u00e9aliser des travaux dans un d\u00e9lai d\u00e9termin\u00e9 (jusqu\u2019\u00e0 3 ans, sauf cas tr\u00e8s particuliers), de les financer et de respecter les r\u00e8gles d\u2019accessibilit\u00e9.<br \/>\n<!--more--><\/p>\n<h2 class=\"para\">Quand faut-il d\u00e9poser un dossier?<\/h2>\n<p>Il serait plus exact de poser la question \u00ab\u00a0quand fallait-il d\u00e9poser un dossier\u00a0\u00bb;<br \/>\nLe dossier d\u2019Ad\u2019AP devaient obligatoirement \u00eatre d\u00e9pos\u00e9 avant le 27 septembre 2015 \u00e0 la mairie de l\u2019\u00e9tablissement concern\u00e9.<br \/>\nCependant sur le site officiel on note que des dossiers d&rsquo;Ad\u2019AP peuvent toujours \u00eatre d\u00e9pos\u00e9s.<br \/>\nPour \u00e9viter la p\u00e9nalit\u00e9 de retard, expliquez au pr\u00e9fet les raisons de celui-ci.<br \/>\nAu 1er mai 2016, 154 566 Ad\u2019AP repr\u00e9sentant 402 046 ERP sont enregistr\u00e9s dans les pr\u00e9fectures.<\/p>\n<h2 class=\"para\">Constituer le dossier<\/h2>\n<p>Les informations officielles se trouvent \u00e0 l&rsquo;adresse suivante : http:\/\/lesadap.fr\/<br \/>\nL&rsquo;Ad&rsquo;Ap d\u00e9taille une programmation pluriannuelle des travaux qui permettront la mise en accessibilit\u00e9 d&rsquo;un cabinet m\u00e9dical (ERP type5).<br \/>\nLe Dossier comprend:<\/p>\n<ul><i class=\"fa fa-list\">Nom et l&rsquo;adresse du demandeur, ainsi que son num\u00e9ro SIREN\/SIRET<\/i><br \/>\n<i class=\"fa fa-list\">D\u00e9nomination de l&rsquo;\u00e9tablissement, sa cat\u00e9gorie et son type<\/i><br \/>\n<i class=\"fa fa-list\">Nature des travaux ou actions \u00e0 r\u00e9aliser pour mettre en conformit\u00e9 l\u2019\u00e9tablissement<\/i><br \/>\n<i class=\"fa fa-list\">Le cas \u00e9ch\u00e9ant, demande de d\u00e9rogation<\/i><br \/>\n<i class=\"fa fa-list\">Programmation des travaux portant sur chaque ann\u00e9e de la p\u00e9riode<\/i><br \/>\n<i class=\"fa fa-list\">Estimation financi\u00e8re et r\u00e9partition des co\u00fbts sur les ann\u00e9es de l&rsquo;agenda<\/i><\/ul>\n<p>Le dossier est d\u00e9pos\u00e9 \u00e0 la mairie de la commune d\u2019implantation de l\u2019\u00e9tablissement.<br \/>\nEn cas de pi\u00e8ce manquante l\u2019autorit\u00e9 \u00e0 laquelle il a \u00e9t\u00e9 adress\u00e9 indique au professionnel dans un d\u00e9lai d\u2019un mois, par lettre recommand\u00e9e avec accus\u00e9 de r\u00e9ception, les \u00e9l\u00e9ments manquants et le d\u00e9lai imparti pour les fournir.<br \/>\nLa dur\u00e9e de traitement d\u2019un dossier d\u2019Ad\u2019AP est de quatre mois \u00e0 compter de la date de r\u00e9ception du dossier complet ou des pi\u00e8ces qui le compl\u00e8tent.<br \/>\nLe dossier est transmis au pr\u00e9fet qui sollicite l\u2019avis de la commission d\u2019accessibilit\u00e9.<br \/>\nD\u00e9lai de r\u00e9ponse :<br \/>\nLa d\u00e9cision d&rsquo;approbation ou de refus d&rsquo;approbation d&rsquo;un Agenda d\u2018Accessibilit\u00e9 Programm\u00e9e est notifi\u00e9e au demandeur par voie \u00e9lectronique.<br \/>\nSi refus, un d\u00e9lai est notifi\u00e9 pour pr\u00e9senter une nouvelle demande.<br \/>\nL\u2019absence de notification d&rsquo;une d\u00e9cision sur la demande d&rsquo;approbation \u00e0 l&rsquo;expiration du d\u00e9lai de quatre mois vaut approbation implicite sauf si :<\/p>\n<ul>\n <i class=\"fa fa-list\">Une autorisation de travaux a \u00e9galement \u00e9t\u00e9 sollicit\u00e9e et a \u00e9t\u00e9 rejet\u00e9e<\/i><br \/>\n<i class=\"fa fa-list\">Une d\u00e9rogation \u00e0 la dur\u00e9e d&rsquo;ex\u00e9cution de droit commun a \u00e9t\u00e9 sollicit\u00e9e<\/i><\/ul>\n<h2 class=\"para\">A savoir<\/h2>\n<ul><i class=\"fa fa-list\">On retrouve les informations officielles \u00e0 l&rsquo;adresse suivante : http:\/\/www.developpement-durable.gouv.fr\/Qu-est-ce-qu-un-agenda-d.html<\/i><br \/>\n<i class=\"fa fa-list\">Si la mise en conformit\u00e9 n\u00e9cessite une autorisation de travaux ou un permis de construire il faut remplir un dossier sp\u00e9cifique avec un architecte.<\/i><br \/>\n<i class=\"fa fa-list\"> Si vous avez recours \u00e0 une entreprise pour \u00e9tablir un diagnostic d&rsquo;accessibilit\u00e9, faites vous pr\u00e9ciser dans le devis le montant pour remplir et suivre une \u00e9ventuelle demande d&rsquo;Ad&rsquo;Ap&rsquo;<\/i><\/ul>\n","protected":false},"excerpt":{"rendered":"<p>Qu&rsquo;est ce que l\u2019Agenda d\u2019Accessibilit\u00e9 Programm\u00e9e (Ad&rsquo;Ap) Cr\u00e9\u00e9 par l\u2019ordonnance du 26 septembre 2014., son contenu a \u00e9t\u00e9 pr\u00e9cis\u00e9 par le D\u00e9cret n\u00b0 2014-1326 du 5 novembre 2014. L\u2019Agenda d\u2019Accessibilit\u00e9 Programm\u00e9e permet de poursuivre ou de r\u00e9aliser l\u2019accessibilit\u00e9 de son \u00e9tablissement apr\u00e8s le 1er janvier 2015. Il correspond \u00e0 un engagement de r\u00e9aliser des travaux [&hellip;]<\/p>\n","protected":false},"author":1,"featured_media":11155,"comment_status":"open","ping_status":"open","sticky":false,"template":"","format":"standard","meta":{"footnotes":""},"categories":[12],"tags":[],"_links":{"self":[{"href":"https:\/\/confraternel.fr\/index.php\/wp-json\/wp\/v2\/posts\/36"}],"collection":[{"href":"https:\/\/confraternel.fr\/index.php\/wp-json\/wp\/v2\/posts"}],"about":[{"href":"https:\/\/confraternel.fr\/index.php\/wp-json\/wp\/v2\/types\/post"}],"author":[{"embeddable":true,"href":"https:\/\/confraternel.fr\/index.php\/wp-json\/wp\/v2\/users\/1"}],"replies":[{"embeddable":true,"href":"https:\/\/confraternel.fr\/index.php\/wp-json\/wp\/v2\/comments?post=36"}],"version-history":[{"count":0,"href":"https:\/\/confraternel.fr\/index.php\/wp-json\/wp\/v2\/posts\/36\/revisions"}],"wp:featuredmedia":[{"embeddable":true,"href":"https:\/\/confraternel.fr\/index.php\/wp-json\/wp\/v2\/media\/11155"}],"wp:attachment":[{"href":"https:\/\/confraternel.fr\/index.php\/wp-json\/wp\/v2\/media?parent=36"}],"wp:term":[{"taxonomy":"category","embeddable":true,"href":"https:\/\/confraternel.fr\/index.php\/wp-json\/wp\/v2\/categories?post=36"},{"taxonomy":"post_tag","embeddable":true,"href":"https:\/\/confraternel.fr\/index.php\/wp-json\/wp\/v2\/tags?post=36"}],"curies":[{"name":"wp","href":"https:\/\/api.w.org\/{rel}","templated":true}]}}