{"id":11856,"date":"2023-05-30T14:52:00","date_gmt":"2023-05-30T12:52:00","guid":{"rendered":"https:\/\/confraternel.fr\/\/\/\/\/\/\/\/\/\/\/\/\/?p=11856"},"modified":"2024-05-15T10:44:49","modified_gmt":"2024-05-15T08:44:49","slug":"location-local-equipe-en-pratique","status":"publish","type":"post","link":"https:\/\/confraternel.fr\/index.php\/2023\/05\/30\/location-local-equipe-en-pratique\/","title":{"rendered":"LOCATION \u00c9QUIP\u00c9E (3\/10) : EN PRATIQUE"},"content":{"rendered":"\n<p>La cr\u00e9ation d\u2019une SCI \u00e0 l\u2019IR \u00e9tait la r\u00e8gle, chez les m\u00e9decins, pour acqu\u00e9rir leur cabinet, ils s&rsquo;\u00e9merveillaient de pouvoir rembourser leur cr\u00e9dit avec des loyers qu&rsquo;ils se versaient. L\u2019\u00e9volution de la pratique m\u00e9dicale a remis en cause ce choix car de plus en plus de confr\u00e8res souhaitent louer des bureaux \u00e0 la vacation, la SCI \u00e0 l&rsquo;IR n&rsquo;est pas adapt\u00e9e \u00e0 ce type d&rsquo;exercice.<br>Contrairement au r\u00e9gime des revenus fonciers o\u00f9 le loyer apr\u00e8s fiscalit\u00e9 ne permet jamais de rembourser le cr\u00e9dit,  la LLE permet d\u2019acqu\u00e9rir son cabinet avec un effort financier minimum.<br>Cet article vous pr\u00e9sente les grands principes de la LLE, mais la concr\u00e9tisation appartient aux professionnels familiers de cette structure peu r\u00e9pandue.<\/p>\n\n\n\n<h3 class=\"wp-block-heading has-text-align-center\">SCI \u00e0 IR et location \u00e0 la vacation.<\/h3>\n\n\n\n<p>Une SCI \u00e0 l&rsquo;IR ne peut proposer que des baux de location nue, il est compliqu\u00e9 avec ce type de bail de louer des locaux \u00e0 la vacation ou plus g\u00e9n\u00e9ralement des locaux \u00e9quip\u00e9s. <br>Lorsqu&rsquo; un m\u00e9decin sous-loue \u00e0 un confr\u00e8re son bureau une matin\u00e9e ou une journ\u00e9e, le Centre des Imp\u00f4ts peut qualifier cette location de LLE, activit\u00e9 commerciale interdite dans le cadre d&rsquo;une SCI.<br>En th\u00e9orie le centre des imp\u00f4ts pourrait basculer automatiquement la sci du bailleur de l&rsquo;IR \u00e0 l&rsquo;IS. Il s&rsquo;agit de l&rsquo;assujettissement de plein droit \u00e0 l\u2019imp\u00f4t sur les soci\u00e9t\u00e9s d&rsquo;une SCI \u00e0 l&rsquo;IR qui effectue une activit\u00e9 commerciale.<br>Lors du basculement de la sci de l&rsquo;IR \u00e0 l&rsquo;IS le contribuable subira :<br>&#8211; la double imposition des SCI \u00e0 l&rsquo;IS ( imp\u00f4ts des soci\u00e9t\u00e9 et fiscalit\u00e9 des dividendes \u00e9ventuellement revers\u00e9s)<br>&#8211; calcul de plus-value au moment du basculement de l&rsquo;IR \u00e0 l&rsquo;IS<br>&#8211; plus-value professionnelle lors de la revente.<br>AU TOTAL UNE CATASTROPHE FINANCI\u00c8RE SI CE N\u2019\u00c9TAIT PAS ANTICIPE.<br>Si ce type de sous-location est envisag\u00e9 il faut faire r\u00e9diger le bail par un avocat sp\u00e9cialis\u00e9 qui \u00e9ventuellement demandera l&rsquo;aval du CDI<\/p>\n\n\n\n<h3 class=\"wp-block-heading has-text-align-center\">CR\u00c9ER UNE LOCATION \u00c9QUIP\u00c9E<\/h3>\n\n\n\n<p>Avant d&rsquo;exercer l&rsquo;activit\u00e9 de m\u00e9decin loueur de local \u00e9quip\u00e9, outre le signalement de cette activit\u00e9 commerciale \u00e0 l&rsquo;ordre des m\u00e9decins, il est n\u00e9cessaire de valider les 6 \u00e9tapes suivantes :<\/p>\n\n\n\n<ol>\n<li>\u00c9TUDIER LA FAISABILIT\u00c9<br>Il faut s&rsquo;assurer que le r\u00e8glement de copropri\u00e9t\u00e9 autorise \u00e0 la fois une activit\u00e9 lib\u00e9rale (exercice m\u00e9dical) et activit\u00e9 commerciale (location \u00e9quip\u00e9e). <br>On v\u00e9rifiera que le local est class\u00e9 commercial \u00e0 la mairie et qu&rsquo;il est aux normes pour l&rsquo;accessibilit\u00e9 m\u00e9dicale.<\/li>\n\n\n\n<li>r\u00e9aliser une simulation comptable int\u00e9grant l&rsquo;achat avec am\u00e9nagements, d\u00e9duction des amortissements et horizon de revente. <br>Cette \u00e9tape d\u00e9cisive permet d&rsquo;\u00e9valuer pr\u00e9cis\u00e9ment l\u2019int\u00e9r\u00eat du montage<\/li>\n\n\n\n<li>pr\u00e9voir un emprunt bancaire avec une banque habitu\u00e9e \u00e0 ce dispositif. La LLE n&rsquo;\u00e9tant pas fr\u00e9quente certains \u00e9tablissements risquent d&rsquo;\u00eatre frileux<\/li>\n\n\n\n<li>cr\u00e9er l&rsquo;activit\u00e9 de LLE,  la d\u00e9clarer aux imp\u00f4ts et s&rsquo;inscrire \u00e0 la Cotisation Fonci\u00e8re des Entreprises,<\/li>\n\n\n\n<li>\u00e9tablir les projets de baux de location, les soumettre au conseil de l&rsquo;ordre pour validation <\/li>\n\n\n\n<li><strong>Choisir les bons interlocuteurs, <\/strong> pour finaliser votre activit\u00e9 de LLE. <\/li>\n<\/ol>\n\n\n\n<h3 class=\"wp-block-heading has-text-align-center\">RISQUES DE LA LOCATION \u00c9QUIP\u00c9E<\/h3>\n\n\n\n<p><br>La location \u00e9quip\u00e9e permet de d\u00e9fiscaliser les loyers que le m\u00e9decin se verse.<br>Ce n&rsquo;est pas une niche fiscale, il s&rsquo;agit d&rsquo;une activit\u00e9 commerciale banale avec une fiscalit\u00e9 au r\u00e9gime r\u00e9el simplifi\u00e9.<br>Il faut rester vigilant, ne pas commettre d&rsquo;erreurs de ventilation des charges comptables en d\u00e9duisant  de ses BNC des charges imputables \u00e0 la structure de location \u00e9quip\u00e9e.<br>Le contrat de location doit stipuler toutes les services offerts aux locataires permettant de cat\u00e9goriser le bail en contrat de location de locaux \u00e9quip\u00e9s. <br>Un manquement \u00e0 ces obligations entra\u00eenera la remise en cause du r\u00e9gime des BIC et d&rsquo;importantes pertes financi\u00e8res voire des sanctions.<br>L&rsquo;avocat et l&rsquo;expert comptable  vous guideront et aideront dans vos formalit\u00e9s.<br>En cas de doute l&rsquo;avocat pourra r\u00e9diger avec le m\u00e9decin <a rel=\"noreferrer noopener\" href=\"https:\/\/www.service-public.fr\/demarches-silence-vaut-accord\/demarches\/776\" target=\"_blank\">un rescrit abus de droit<\/a> qui s\u00e9curisera le montage.<\/p>\n\n\n\n<h3 class=\"wp-block-heading has-text-align-center\">A RETENIR<\/h3>\n\n\n\n<ul>\n<li>Toutes ces mises en garde ne doivent pas effrayer il suffit d&rsquo;\u00eatre v\u00e9tilleux et <strong>surtout conseill\u00e9 par des professionnels familiers de cette structure.<\/strong><\/li>\n\n\n\n<li>le statut de LLE est particuli\u00e8rement favorable pour acqu\u00e9rir son cabinet dans d&rsquo;excellentes conditions, mais vous ne cr\u00e9ez pas un empire immobilier<\/li>\n\n\n\n<li>en fonction des aspirations patrimoniales plusieurs structures juridiques sont possibles, la <strong>meilleur comme toujours est celle qui r\u00e9pond \u00e0 vos objectifs<\/strong><\/li>\n\n\n\n<li><strong>en gestion de patrimoine un axiome, un particulier doit acqu\u00e9rir sa r\u00e9sidence principal, un m\u00e9decin doit imp\u00e9rativement son cabinet et de pr\u00e9f\u00e9rence en LLE.<\/strong><\/li>\n<\/ul>\n\n\n\n<h2 class=\"wp-block-heading has-text-align-center\">PAS DE COMMENTAIRE<\/h2>\n\n\n\n<p class=\"has-text-align-left\">Pour \u00e9viter de recevoir des informations erron\u00e9es par des tiers il n&rsquo;est plus possible de commenter en direct. <br>Vous avez la possibilit\u00e9 d&rsquo;interroger directement nos partenaires avocats et experts-comptables si vous envisagez des projets pr\u00e9cis  en \u00e9crivant \u00e0 l&rsquo;adresse <strong>contact@confraternel.fr<\/strong><br>Si vos questions ont un int\u00e9r\u00eat g\u00e9n\u00e9ral nous les publierons.<\/p>\n","protected":false},"excerpt":{"rendered":"<p>La cr\u00e9ation d\u2019une SCI \u00e0 l\u2019IR \u00e9tait la r\u00e8gle, chez les m\u00e9decins, pour acqu\u00e9rir leur cabinet, ils s&rsquo;\u00e9merveillaient de pouvoir rembourser leur cr\u00e9dit avec des loyers qu&rsquo;ils se versaient. L\u2019\u00e9volution de la pratique m\u00e9dicale a remis en cause ce choix car de plus en plus de confr\u00e8res souhaitent louer des bureaux \u00e0 la vacation, la [&hellip;]<\/p>\n","protected":false},"author":1,"featured_media":11837,"comment_status":"closed","ping_status":"closed","sticky":false,"template":"wp-custom-template-article-location-equipee","format":"standard","meta":{"footnotes":""},"categories":[9],"tags":[],"_links":{"self":[{"href":"https:\/\/confraternel.fr\/index.php\/wp-json\/wp\/v2\/posts\/11856"}],"collection":[{"href":"https:\/\/confraternel.fr\/index.php\/wp-json\/wp\/v2\/posts"}],"about":[{"href":"https:\/\/confraternel.fr\/index.php\/wp-json\/wp\/v2\/types\/post"}],"author":[{"embeddable":true,"href":"https:\/\/confraternel.fr\/index.php\/wp-json\/wp\/v2\/users\/1"}],"replies":[{"embeddable":true,"href":"https:\/\/confraternel.fr\/index.php\/wp-json\/wp\/v2\/comments?post=11856"}],"version-history":[{"count":3,"href":"https:\/\/confraternel.fr\/index.php\/wp-json\/wp\/v2\/posts\/11856\/revisions"}],"predecessor-version":[{"id":13653,"href":"https:\/\/confraternel.fr\/index.php\/wp-json\/wp\/v2\/posts\/11856\/revisions\/13653"}],"wp:featuredmedia":[{"embeddable":true,"href":"https:\/\/confraternel.fr\/index.php\/wp-json\/wp\/v2\/media\/11837"}],"wp:attachment":[{"href":"https:\/\/confraternel.fr\/index.php\/wp-json\/wp\/v2\/media?parent=11856"}],"wp:term":[{"taxonomy":"category","embeddable":true,"href":"https:\/\/confraternel.fr\/index.php\/wp-json\/wp\/v2\/categories?post=11856"},{"taxonomy":"post_tag","embeddable":true,"href":"https:\/\/confraternel.fr\/index.php\/wp-json\/wp\/v2\/tags?post=11856"}],"curies":[{"name":"wp","href":"https:\/\/api.w.org\/{rel}","templated":true}]}}