{"id":11790,"date":"2020-10-22T16:17:15","date_gmt":"2020-10-22T16:17:15","guid":{"rendered":"http:\/\/localhost\/wp-confcom\/?p=20"},"modified":"2020-10-22T16:17:15","modified_gmt":"2020-10-22T16:17:15","slug":"sanctions","status":"publish","type":"post","link":"https:\/\/confraternel.fr\/index.php\/2020\/10\/22\/sanctions\/","title":{"rendered":"SANCTIONS"},"content":{"rendered":"<h2 class=\"para\">Existe-t-il des sanctions?<\/h2>\n<p>Oui malheureusement, il y a de lourdes sanctions pr\u00e9vues en cas de non respect de la mise aux normes handicap\u00e9es.<br \/>\nLes p\u00e9nalit\u00e9s initialement pr\u00e9vues par la loi sont<\/p>\n<ul>\n<li>Non-respect des obligations d\u2019accessibilit\u00e9 : Amende maximale de 45.000 euros et six mois d\u2019emprisonnement si r\u00e9cidive.<\/li>\n<li>Fermeture administrative : Peut \u00eatre d\u00e9cid\u00e9e par le maire, s\u2019il a autoris\u00e9 l\u2019ouverture<\/li>\n<li>D\u00e9lit p\u00e9nal de discrimination en raison du handicap de la personne : Refus de d\u00e9livrer une prestation du seul fait du handicap<br \/>\nAmende maximale de 75.000 euros et cinq ans d\u2019emprisonnement.<\/li>\n<li>D\u00e9faut de d\u00e9p\u00f4t de projet d\u2019agenda d\u2019accessibilit\u00e9 programm\u00e9e : Sanction forfaitaire de 1.500 \u20ac s\u2019il s\u2019agit d\u2019un \u00e9tablissement ERP5<\/li>\n<li>Non-transmission des documents de suivi de l\u2019Ad\u2019AP ou documents erron\u00e9s : Sanction forfaitaire de 1.500 \u20ac s\u2019il s\u2019agit d\u2019un \u00e9tablissement ERP5<\/li>\n<\/ul>\n<p><!--more--><br \/>\nCependant, le \u00ab\u00a0d\u00e9cret n\u00b0 2016-578 du 11 mai 2016 relatif aux contr\u00f4les et aux sanctions applicables aux agendas d&rsquo;accessibilit\u00e9 programm\u00e9e pour la mise en accessibilit\u00e9 des \u00e9tablissements recevant du public et des installations ouvertes au public\u00a0\u00bb mod\u00e8re les risques de sanction initialement pr\u00e9vus par la loi.<br \/>\nLa proc\u00e9dure pr\u00e9voit en effet :<\/p>\n<ul>\n<li>L&rsquo;envoi d&rsquo;une lettre recommand\u00e9e de mise en garde.<\/li>\n<li>Le professionnel a 1 mois pour r\u00e9pondre \u00e0 cet avertissement :\n<ol>\n<li>Soit son local est aux normes et il envoie un justificatif (d\u00e9claration sur l&rsquo;honneur)<\/li>\n<li>Soit le local n&rsquo;est pas aux normes et le professionnel s&rsquo;engage \u00e0 d\u00e9poser un AdAP dans les 6 mois<\/li>\n<\/ol>\n<\/li>\n<\/ul>\n<p>Ce n&rsquo;est que si l&rsquo;engagement de d\u00e9p\u00f4t d&rsquo;AdAP n&rsquo;est pas respect\u00e9, ou si le professionnel ne r\u00e9pond pas \u00e0 cette mise en garde que la proc\u00e9dure de p\u00e9nalit\u00e9 pourra \u00eatre engag\u00e9e avec premi\u00e8re mise en demeure (d\u00e9lai de r\u00e9ponse de 2 mois) puis constat de carence (avec d\u00e9lai de r\u00e9ponse de 3 mois)<\/p>\n<h2 class=\"para\">Les sanctions sont-elles appliqu\u00e9es?<\/h2>\n<p>Oui, elles le sont en particulier dans le cas de plaintes d\u00e9pos\u00e9es par des associations.<br \/>\nLa mise aux normes a pris de retard mais nul doute qu&rsquo;il faut s&rsquo;y astreindre.<\/p>\n","protected":false},"excerpt":{"rendered":"<p>Existe-t-il des sanctions? Oui malheureusement, il y a de lourdes sanctions pr\u00e9vues en cas de non respect de la mise aux normes handicap\u00e9es. Les p\u00e9nalit\u00e9s initialement pr\u00e9vues par la loi sont Non-respect des obligations d\u2019accessibilit\u00e9 : Amende maximale de 45.000 euros et six mois d\u2019emprisonnement si r\u00e9cidive. Fermeture administrative : Peut \u00eatre d\u00e9cid\u00e9e par le [&hellip;]<\/p>\n","protected":false},"author":1,"featured_media":0,"comment_status":"open","ping_status":"open","sticky":false,"template":"","format":"standard","meta":{"footnotes":""},"categories":[12],"tags":[],"_links":{"self":[{"href":"https:\/\/confraternel.fr\/index.php\/wp-json\/wp\/v2\/posts\/11790"}],"collection":[{"href":"https:\/\/confraternel.fr\/index.php\/wp-json\/wp\/v2\/posts"}],"about":[{"href":"https:\/\/confraternel.fr\/index.php\/wp-json\/wp\/v2\/types\/post"}],"author":[{"embeddable":true,"href":"https:\/\/confraternel.fr\/index.php\/wp-json\/wp\/v2\/users\/1"}],"replies":[{"embeddable":true,"href":"https:\/\/confraternel.fr\/index.php\/wp-json\/wp\/v2\/comments?post=11790"}],"version-history":[{"count":0,"href":"https:\/\/confraternel.fr\/index.php\/wp-json\/wp\/v2\/posts\/11790\/revisions"}],"wp:attachment":[{"href":"https:\/\/confraternel.fr\/index.php\/wp-json\/wp\/v2\/media?parent=11790"}],"wp:term":[{"taxonomy":"category","embeddable":true,"href":"https:\/\/confraternel.fr\/index.php\/wp-json\/wp\/v2\/categories?post=11790"},{"taxonomy":"post_tag","embeddable":true,"href":"https:\/\/confraternel.fr\/index.php\/wp-json\/wp\/v2\/tags?post=11790"}],"curies":[{"name":"wp","href":"https:\/\/api.w.org\/{rel}","templated":true}]}}